{"id":10384,"date":"2024-05-31T10:22:35","date_gmt":"2024-05-31T08:22:35","guid":{"rendered":"https:\/\/www.thebikevillage.com\/blog\/alquiler-de-bicicletas-electricas-copy\/"},"modified":"2024-06-01T18:20:30","modified_gmt":"2024-06-01T16:20:30","slug":"the-bike-village-giant-test-center","status":"publish","type":"post","link":"https:\/\/www.thebikevillage.com\/blog\/the-bike-village-giant-test-center\/","title":{"rendered":"The Bike Village Giant Test Center"},"content":{"rendered":"\t\t<div data-elementor-type=\"wp-post\" data-elementor-id=\"10384\" class=\"elementor elementor-10384\" data-elementor-post-type=\"post\">\n\t\t\t\t\t\t<section class=\"elementor-section elementor-top-section elementor-element elementor-element-2512fe7 elementor-section-boxed elementor-section-height-default elementor-section-height-default\" data-id=\"2512fe7\" data-element_type=\"section\">\n\t\t\t\t\t\t<div class=\"elementor-container elementor-column-gap-default\">\n\t\t\t\t\t<div class=\"elementor-column elementor-col-100 elementor-top-column elementor-element elementor-element-fa1d088\" data-id=\"fa1d088\" data-element_type=\"column\">\n\t\t\t<div class=\"elementor-widget-wrap elementor-element-populated\">\n\t\t\t\t\t\t<div class=\"elementor-element elementor-element-e180b38 elementor-widget elementor-widget-image\" data-id=\"e180b38\" data-element_type=\"widget\" data-widget_type=\"image.default\">\n\t\t\t\t<div class=\"elementor-widget-container\">\n\t\t\t\t\t\t\t\t\t\t\t\t\t\t\t<img fetchpriority=\"high\" decoding=\"async\" width=\"2240\" height=\"1260\" src=\"https:\/\/www.thebikevillage.com\/blog\/wp-content\/uploads\/2024\/05\/Blog-Mailchimp-Cabecera-22.jpg\" class=\"attachment-full size-full wp-image-10389\" alt=\"The bike village giant Test center Trance Elite\" srcset=\"https:\/\/www.thebikevillage.com\/blog\/wp-content\/uploads\/2024\/05\/Blog-Mailchimp-Cabecera-22.jpg 2240w, https:\/\/www.thebikevillage.com\/blog\/wp-content\/uploads\/2024\/05\/Blog-Mailchimp-Cabecera-22-300x169.jpg 300w, https:\/\/www.thebikevillage.com\/blog\/wp-content\/uploads\/2024\/05\/Blog-Mailchimp-Cabecera-22-1024x576.jpg 1024w, https:\/\/www.thebikevillage.com\/blog\/wp-content\/uploads\/2024\/05\/Blog-Mailchimp-Cabecera-22-768x432.jpg 768w, https:\/\/www.thebikevillage.com\/blog\/wp-content\/uploads\/2024\/05\/Blog-Mailchimp-Cabecera-22-1536x864.jpg 1536w, https:\/\/www.thebikevillage.com\/blog\/wp-content\/uploads\/2024\/05\/Blog-Mailchimp-Cabecera-22-2048x1152.jpg 2048w, https:\/\/www.thebikevillage.com\/blog\/wp-content\/uploads\/2024\/05\/Blog-Mailchimp-Cabecera-22-1568x882.jpg 1568w\" sizes=\"(max-width: 2240px) 100vw, 2240px\" style=\"width:100%;height:56.25%;max-width:2240px\" \/>\t\t\t\t\t\t\t\t\t\t\t\t\t\t\t<\/div>\n\t\t\t\t<\/div>\n\t\t\t\t<div class=\"elementor-element elementor-element-eba64ed elementor-widget elementor-widget-text-editor\" data-id=\"eba64ed\" data-element_type=\"widget\" data-widget_type=\"text-editor.default\">\n\t\t\t\t<div class=\"elementor-widget-container\">\n\t\t\t\t\t\t\t\t\t<h1><b style=\"color: #000000;\">\u00bfQUIERES PROBAR UNA BICICLETA EL\u00c9CTRICA GIANT O LIV?<\/b><b style=\"color: #000000; font-family: var( --e-global-typography-text-font-family ), Sans-serif; font-size: 1rem;\">\u00a0<\/b><\/h1><div><b style=\"color: #000000; font-family: var( --e-global-typography-text-font-family ), Sans-serif; font-size: 1rem;\">\u00a0<\/b><\/div><section style=\"margin: 0px; padding: 0px; border: 0px #e1e1e1; font-variant-numeric: inherit; font-variant-east-asian: inherit; font-stretch: inherit; line-height: inherit; vertical-align: baseline; color: #4d4d4d;\"><div style=\"font-family: inherit; margin: 0px; padding: 0px; border: 0px #e1e1e1; font-style: inherit; font-variant: inherit; font-stretch: inherit; font-size: inherit; line-height: 1.65em; vertical-align: baseline; clear: both;\"><span style=\"font-weight: var( --e-global-typography-text-font-weight ); font-size: 1rem;\">Este 2024 pasamos a formar parte en <\/span><span style=\"font-size: 1rem;\"><b>The Bike Village\u00a0<\/b>de los <strong>Giant Test Center<\/strong>. Una de las pocas tiendas de Espa\u00f1a, donde podr\u00e1s venir a probar las nuevas bicicletas el\u00e9ctricas de mtb doble suspensi\u00f3n <strong>ligeras<\/strong>, pero con motor <strong>FULL POWER<\/strong>,<strong><a href=\"https:\/\/www.thebikevillage.com\/mtb\/21089-65776-bicicleta-electrica-giant-trance-x-adv-e-elite-2-2024.html#\/55-talla-l\"> Giant Trance X E+2 ELITE<\/a>. <\/strong>O bien si lo prefieres <strong>\u00a0la bicicleta de enduro <a href=\"https:\/\/www.thebikevillage.com\/bicicletas-electricas-mtb-doble-suspension-hombre\/20337-62149-bicicleta-electrica-de-enduro-giant-reign-e-3-800wh-2024.html#\/55-talla-l\">Giant Reign E+3 <\/a><\/strong><\/span>o la divertida bicicleta de trail doble suspensi\u00f3n de talla peque\u00f1a <strong><a href=\"https:\/\/www.thebikevillage.com\/bicicletas-electricas-doble-suspension-mujer\/19839-60122-bicicleta-electrica-liv-embolden-e-2-2024-mujer-500wh.html#\/dfclassic\/query=REIGN%20E%2B%203&amp;session_id=4e19f9f9b8e41773a6755d157ac42621&amp;query_name=match_and\">Liv Embolden E+ 2.<\/a><\/strong><\/div><div>\u00a0<\/div><div style=\"font-family: inherit; margin: 0px; padding: 0px; border: 0px #e1e1e1; font-style: inherit; font-variant: inherit; font-stretch: inherit; font-size: inherit; line-height: 1.65em; vertical-align: baseline; clear: both;\">Disponemos para ti, de una peque\u00f1a flota de test en The Bike Village\u00a0 que consta de <strong>8 bicicletas el\u00e9ctricas<\/strong> de <strong>GIANT<\/strong> y <strong>LIV<\/strong><\/div><div>\u00a0<\/div><div style=\"font-family: inherit; margin: 0px; padding: 0px; border: 0px #e1e1e1; font-style: inherit; font-variant: inherit; font-stretch: inherit; font-size: inherit; line-height: 1.65em; vertical-align: baseline; clear: both;\"><strong>&#8211; 5<\/strong>\u00a0<a style=\"font-family: inherit; font-size: inherit; font-style: inherit; font-variant-ligatures: inherit; font-variant-caps: inherit; font-weight: var( --e-global-typography-text-font-weight ); background-color: white;\" href=\"https:\/\/www.thebikevillage.com\/mtb\/21089-65776-bicicleta-electrica-giant-trance-x-adv-e-elite-2-2024.html#\/55-talla-l\"><strong>Giant Trance E+2 Elite<\/strong> <\/a><span style=\"font-family: inherit; font-size: inherit; font-style: inherit; font-variant-ligatures: inherit; font-variant-caps: inherit; font-weight: var( --e-global-typography-text-font-weight );\">de <\/span><strong style=\"font-family: inherit; font-size: inherit; font-style: inherit; font-variant-ligatures: inherit; font-variant-caps: inherit;\">TEST<\/strong><span style=\"font-family: inherit; font-size: inherit; font-style: inherit; font-variant-ligatures: inherit; font-variant-caps: inherit; font-weight: var( --e-global-typography-text-font-weight );\"> en tallas <\/span><strong style=\"font-family: inherit; font-size: inherit; font-style: inherit; font-variant-ligatures: inherit; font-variant-caps: inherit;\">S, M y L<\/strong><span style=\"font-family: inherit; font-size: inherit; font-style: inherit; font-variant-ligatures: inherit; font-variant-caps: inherit; font-weight: var( --e-global-typography-text-font-weight );\"> con bater\u00eda de <\/span><strong style=\"font-family: inherit; font-size: inherit; font-style: inherit; font-variant-ligatures: inherit; font-variant-caps: inherit;\">400Wh<\/strong><span style=\"font-family: inherit; font-size: inherit; font-style: inherit; font-variant-ligatures: inherit; font-variant-caps: inherit; font-weight: var( --e-global-typography-text-font-weight );\"> y con opci\u00f3n de bater\u00eda extra\u00edble de <\/span><strong style=\"font-family: inherit; font-size: inherit; font-style: inherit; font-variant-ligatures: inherit; font-variant-caps: inherit;\">200Wh.\u00a0 <\/strong><span style=\"font-family: inherit; font-size: inherit; font-style: inherit; font-variant-ligatures: inherit; font-variant-caps: inherit; font-weight: var( --e-global-typography-text-font-weight );\">Una bicicleta el\u00e9ctrica desconocida para el gran p\u00fablico, que estamos seguros que te encantar\u00e1.<\/span><\/div><div style=\"font-family: inherit; margin: 0px; padding: 0px; border: 0px #e1e1e1; font-style: inherit; font-variant: inherit; font-stretch: inherit; font-size: inherit; line-height: 1.65em; vertical-align: baseline; clear: both;\"><strong>&#8211; 2<\/strong>\u00a0<a href=\"https:\/\/www.thebikevillage.com\/bicicletas-electricas-mtb-doble-suspension-hombre\/20337-62149-bicicleta-electrica-de-enduro-giant-reign-e-3-800wh-2024.html#\/55-talla-l\"><strong>Giant Reign E+ 3<\/strong><\/a> en talla M y L con bater\u00eda integrada de <strong>800Wh<\/strong> y 170\/160mm de recorrido.<\/div><div style=\"font-family: inherit; margin: 0px; padding: 0px; border: 0px #e1e1e1; font-style: inherit; font-variant: inherit; font-stretch: inherit; font-size: inherit; line-height: 1.65em; vertical-align: baseline; clear: both;\"><strong>&#8211; 1 <a href=\"https:\/\/www.thebikevillage.com\/bicicletas-electricas-doble-suspension-mujer\/19839-60122-bicicleta-electrica-liv-embolden-e-2-2024-mujer-500wh.html#\/53-talla-s\">Liv Embolden E+ 2<\/a> con bater\u00eda de 500Wh <\/strong>por si quieres una ebike m\u00e1s tranquila de talla peque\u00f1a en talla S-<\/div><div style=\"font-family: inherit; margin: 0px; padding: 0px; border: 0px #e1e1e1; font-style: inherit; font-variant: inherit; font-stretch: inherit; font-size: inherit; line-height: 1.65em; vertical-align: baseline; clear: both;\"><strong>\u00a0<\/strong><\/div><div style=\"font-family: inherit; margin: 0px; padding: 0px; border: 0px #e1e1e1; font-style: inherit; font-variant: inherit; font-stretch: inherit; font-size: inherit; line-height: 1.65em; vertical-align: baseline; clear: both;\">Este servicio de alquiler est\u00e1 pensado para todos aquellos ciclistas que est\u00e9is <strong>valorando la opci\u00f3n de comprar<\/strong> una <strong>ebike<\/strong>, pero que todav\u00eda no lo ten\u00e9is claro. Un d\u00eda de test os puede aclarar las dudas que teng\u00e1is en cuanto a la compra de vuestra futura bicicleta el\u00e9ctrica.<\/div><div>\u00a0<\/div><div style=\"font-family: inherit; margin: 0px; padding: 0px; border: 0px #e1e1e1; font-style: inherit; font-variant: inherit; font-stretch: inherit; font-size: inherit; line-height: 1.65em; vertical-align: baseline; clear: both;\">En The Bike Village, estamos convencidos que quedareis maravillados del funcionamiento de la Giant Trance X E+ Elite, la Reign E+ 3 y la Liv Embolden E+ 2\u00a0<\/div><\/section>\t\t\t\t\t\t\t\t<\/div>\n\t\t\t\t<\/div>\n\t\t\t\t<div class=\"elementor-element elementor-element-e111457 elementor-widget-divider--view-line elementor-widget elementor-widget-divider\" data-id=\"e111457\" data-element_type=\"widget\" data-widget_type=\"divider.default\">\n\t\t\t\t<div class=\"elementor-widget-container\">\n\t\t\t\t\t\t\t<div class=\"elementor-divider\">\n\t\t\t<span class=\"elementor-divider-separator\">\n\t\t\t\t\t\t<\/span>\n\t\t<\/div>\n\t\t\t\t\t\t<\/div>\n\t\t\t\t<\/div>\n\t\t\t\t<div class=\"elementor-element elementor-element-840c625 elementor-widget elementor-widget-text-editor\" data-id=\"840c625\" data-element_type=\"widget\" data-widget_type=\"text-editor.default\">\n\t\t\t\t<div class=\"elementor-widget-container\">\n\t\t\t\t\t\t\t\t\t<h2><b>\u00bfQU\u00c9 COSTE TIENE?<\/b><\/h2><div><p>El precio es el mismo que en el de nuestra flota de alquiler, <strong>60\u20ac\/d\u00eda<\/strong>\u00a0y <strong>100\u20ac<\/strong> para un finde semana entero.\u00a0<\/p><p><span style=\"color: #000000;\">Si tu intenci\u00f3n es alquilar para <strong>acabar de decidirte <\/strong>en la decisi\u00f3n de compra de una bicicleta GIANT\/LIV el\u00e9ctrica. <strong>El coste del alquiler es de 0\u20ac*.<\/strong><\/span><\/p><p><em>*Te <strong>descontamos<\/strong> el importe <strong>del primer d\u00eda del alquiler (60\u20ac)<\/strong> en el precio de compra de cualquier bicicleta <strong>GIANT o LIV<\/strong> en nuestra tienda THEBIKE VILLAGE Cabrera o Alella. <\/em><em>Esta promoci\u00f3n caduca a los 15 d\u00edas del d\u00eda del alquiler de la bicicleta.<\/em><\/p><p><strong>Incluye:<\/strong><\/p><ol><li>Casco (si necesario) sin coste adicional.<\/li><li>Cargador, siempre y cuando el alquiler sea de 2 o m\u00e1s d\u00edas. Para un solo d\u00eda no ofrecemos cargador.<\/li><li>Extender de 200Wh para las ebikes ligeras Trance X E+ Elite<\/li><\/ol><p><em>\u00a0<\/em><\/p><\/div>\t\t\t\t\t\t\t\t<\/div>\n\t\t\t\t<\/div>\n\t\t\t\t<div class=\"elementor-element elementor-element-3ce9d12 elementor-widget elementor-widget-image-gallery\" data-id=\"3ce9d12\" data-element_type=\"widget\" data-widget_type=\"image-gallery.default\">\n\t\t\t\t<div class=\"elementor-widget-container\">\n\t\t\t\t\t\t\t<div class=\"elementor-image-gallery\">\n\t\t\t<div id='gallery-1' class='gallery galleryid-10384 gallery-columns-3 gallery-size-2048x2048'><figure class='gallery-item'>\n\t\t\t<div class='gallery-icon landscape'>\n\t\t\t\t<a data-elementor-open-lightbox=\"yes\" data-elementor-lightbox-slideshow=\"3ce9d12\" data-elementor-lightbox-title=\"Bicicleta el\u00e9ctrica Giant Trance X Adv E+ Elite 2 2024\" data-elementor-lightbox-description=\"Bicicleta el\u00e9ctrica Giant Trance X Adv E+ Elite 2 2024\" data-e-action-hash=\"#elementor-action%3Aaction%3Dlightbox%26settings%3DeyJpZCI6MTAzOTUsInVybCI6Imh0dHBzOlwvXC93d3cudGhlYmlrZXZpbGxhZ2UuY29tXC9ibG9nXC93cC1jb250ZW50XC91cGxvYWRzXC8yMDI0XC8wNVwvTVkyM1RyYW5jZVhBZHZhbmNlZEVwbHVzRUwyX0NvbG9yQUFtYmVyR2xvd19Gcm9udC1zY2FsZWQuanBnIiwic2xpZGVzaG93IjoiM2NlOWQxMiJ9\" href='https:\/\/www.thebikevillage.com\/blog\/wp-content\/uploads\/2024\/05\/MY23TranceXAdvancedEplusEL2_ColorAAmberGlow_Front-scaled.jpg'><img decoding=\"async\" width=\"2048\" height=\"1536\" src=\"https:\/\/www.thebikevillage.com\/blog\/wp-content\/uploads\/2024\/05\/MY23TranceXAdvancedEplusEL2_ColorAAmberGlow_Front-2048x1536.jpg\" class=\"attachment-2048x2048 size-2048x2048\" alt=\"Bicicleta el\u00e9ctrica Giant Trance X Adv E+ Elite 2 2024\" aria-describedby=\"gallery-1-10395\" srcset=\"https:\/\/www.thebikevillage.com\/blog\/wp-content\/uploads\/2024\/05\/MY23TranceXAdvancedEplusEL2_ColorAAmberGlow_Front-2048x1536.jpg 2048w, https:\/\/www.thebikevillage.com\/blog\/wp-content\/uploads\/2024\/05\/MY23TranceXAdvancedEplusEL2_ColorAAmberGlow_Front-300x225.jpg 300w, https:\/\/www.thebikevillage.com\/blog\/wp-content\/uploads\/2024\/05\/MY23TranceXAdvancedEplusEL2_ColorAAmberGlow_Front-1024x768.jpg 1024w, https:\/\/www.thebikevillage.com\/blog\/wp-content\/uploads\/2024\/05\/MY23TranceXAdvancedEplusEL2_ColorAAmberGlow_Front-768x576.jpg 768w, https:\/\/www.thebikevillage.com\/blog\/wp-content\/uploads\/2024\/05\/MY23TranceXAdvancedEplusEL2_ColorAAmberGlow_Front-1536x1152.jpg 1536w, https:\/\/www.thebikevillage.com\/blog\/wp-content\/uploads\/2024\/05\/MY23TranceXAdvancedEplusEL2_ColorAAmberGlow_Front-1568x1176.jpg 1568w\" sizes=\"(max-width: 2048px) 100vw, 2048px\" style=\"width:100%;height:75%;max-width:2560px;\" \/><\/a>\n\t\t\t<\/div>\n\t\t\t\t<figcaption class='wp-caption-text gallery-caption' id='gallery-1-10395'>\n\t\t\t\tBicicleta el\u00e9ctrica Giant Trance X Adv E+ Elite 2 150\/140mm &#8211; Bater\u00eda 400wh+200wh &#8211; Motor Full Power  85Nm- 19.5kg\n\t\t\t\t<\/figcaption><\/figure><figure class='gallery-item'>\n\t\t\t<div class='gallery-icon landscape'>\n\t\t\t\t<a data-elementor-open-lightbox=\"yes\" data-elementor-lightbox-slideshow=\"3ce9d12\" data-elementor-lightbox-title=\"MY23EmboldenEplus2_ColorACosmosNavy_Front\" data-elementor-lightbox-description=\"Bicicleta el\u00e9ctrica Giant Trance X Adv E+ Elite 2 2024\" data-e-action-hash=\"#elementor-action%3Aaction%3Dlightbox%26settings%3DeyJpZCI6MTA0MjAsInVybCI6Imh0dHBzOlwvXC93d3cudGhlYmlrZXZpbGxhZ2UuY29tXC9ibG9nXC93cC1jb250ZW50XC91cGxvYWRzXC8yMDI0XC8wNVwvTVkyM0VtYm9sZGVuRXBsdXMyX0NvbG9yQUNvc21vc05hdnlfRnJvbnQtc2NhbGVkLmpwZyIsInNsaWRlc2hvdyI6IjNjZTlkMTIifQ%3D%3D\" href='https:\/\/www.thebikevillage.com\/blog\/wp-content\/uploads\/2024\/05\/MY23EmboldenEplus2_ColorACosmosNavy_Front-scaled.jpg'><img decoding=\"async\" width=\"2048\" height=\"1536\" src=\"https:\/\/www.thebikevillage.com\/blog\/wp-content\/uploads\/2024\/05\/MY23EmboldenEplus2_ColorACosmosNavy_Front-2048x1536.jpg\" class=\"attachment-2048x2048 size-2048x2048\" alt=\"\" aria-describedby=\"gallery-1-10420\" srcset=\"https:\/\/www.thebikevillage.com\/blog\/wp-content\/uploads\/2024\/05\/MY23EmboldenEplus2_ColorACosmosNavy_Front-2048x1536.jpg 2048w, https:\/\/www.thebikevillage.com\/blog\/wp-content\/uploads\/2024\/05\/MY23EmboldenEplus2_ColorACosmosNavy_Front-300x225.jpg 300w, https:\/\/www.thebikevillage.com\/blog\/wp-content\/uploads\/2024\/05\/MY23EmboldenEplus2_ColorACosmosNavy_Front-1024x768.jpg 1024w, https:\/\/www.thebikevillage.com\/blog\/wp-content\/uploads\/2024\/05\/MY23EmboldenEplus2_ColorACosmosNavy_Front-768x576.jpg 768w, https:\/\/www.thebikevillage.com\/blog\/wp-content\/uploads\/2024\/05\/MY23EmboldenEplus2_ColorACosmosNavy_Front-1536x1152.jpg 1536w, https:\/\/www.thebikevillage.com\/blog\/wp-content\/uploads\/2024\/05\/MY23EmboldenEplus2_ColorACosmosNavy_Front-1568x1176.jpg 1568w\" sizes=\"(max-width: 2048px) 100vw, 2048px\" style=\"width:100%;height:75%;max-width:2560px;\" \/><\/a>\n\t\t\t<\/div>\n\t\t\t\t<figcaption class='wp-caption-text gallery-caption' id='gallery-1-10420'>\n\t\t\t\tBicicleta el\u00e9ctrica de trail LIV EMBOLDEN E+ 2 &#8211; 140\/130mm- tallaje peque\u00f1o &#8211; Bater\u00eda de 500Wh &#8211; Motor FullPower 75Nm\n\t\t\t\t<\/figcaption><\/figure><figure class='gallery-item'>\n\t\t\t<div class='gallery-icon landscape'>\n\t\t\t\t<a data-elementor-open-lightbox=\"yes\" data-elementor-lightbox-slideshow=\"3ce9d12\" data-elementor-lightbox-title=\"MY23ReignEplus3_ColorACobalt_Front\" data-elementor-lightbox-description=\"Bicicleta el\u00e9ctrica Giant Trance X Adv E+ Elite 2 2024\" data-e-action-hash=\"#elementor-action%3Aaction%3Dlightbox%26settings%3DeyJpZCI6MTA0MjEsInVybCI6Imh0dHBzOlwvXC93d3cudGhlYmlrZXZpbGxhZ2UuY29tXC9ibG9nXC93cC1jb250ZW50XC91cGxvYWRzXC8yMDI0XC8wNVwvTVkyM1JlaWduRXBsdXMzX0NvbG9yQUNvYmFsdF9Gcm9udC1zY2FsZWQuanBnIiwic2xpZGVzaG93IjoiM2NlOWQxMiJ9\" href='https:\/\/www.thebikevillage.com\/blog\/wp-content\/uploads\/2024\/05\/MY23ReignEplus3_ColorACobalt_Front-scaled.jpg'><img loading=\"lazy\" decoding=\"async\" width=\"2048\" height=\"1536\" src=\"https:\/\/www.thebikevillage.com\/blog\/wp-content\/uploads\/2024\/05\/MY23ReignEplus3_ColorACobalt_Front-2048x1536.jpg\" class=\"attachment-2048x2048 size-2048x2048\" alt=\"\" aria-describedby=\"gallery-1-10421\" srcset=\"https:\/\/www.thebikevillage.com\/blog\/wp-content\/uploads\/2024\/05\/MY23ReignEplus3_ColorACobalt_Front-2048x1536.jpg 2048w, https:\/\/www.thebikevillage.com\/blog\/wp-content\/uploads\/2024\/05\/MY23ReignEplus3_ColorACobalt_Front-300x225.jpg 300w, https:\/\/www.thebikevillage.com\/blog\/wp-content\/uploads\/2024\/05\/MY23ReignEplus3_ColorACobalt_Front-1024x768.jpg 1024w, https:\/\/www.thebikevillage.com\/blog\/wp-content\/uploads\/2024\/05\/MY23ReignEplus3_ColorACobalt_Front-768x576.jpg 768w, https:\/\/www.thebikevillage.com\/blog\/wp-content\/uploads\/2024\/05\/MY23ReignEplus3_ColorACobalt_Front-1536x1152.jpg 1536w, https:\/\/www.thebikevillage.com\/blog\/wp-content\/uploads\/2024\/05\/MY23ReignEplus3_ColorACobalt_Front-1568x1176.jpg 1568w\" sizes=\"(max-width: 2048px) 100vw, 2048px\" style=\"width:100%;height:75%;max-width:2560px;\" \/><\/a>\n\t\t\t<\/div>\n\t\t\t\t<figcaption class='wp-caption-text gallery-caption' id='gallery-1-10421'>\n\t\t\t\tBicicleta el\u00e9ctrica de enduro Giant Reign E+ 3 &#8211; 170\/16mm &#8211;  Bater\u00eda 800Wh &#8211; Motor FullPower 85Nm\n\t\t\t\t<\/figcaption><\/figure>\n\t\t<\/div>\n\t\t<\/div>\n\t\t\t\t\t\t<\/div>\n\t\t\t\t<\/div>\n\t\t\t\t<div class=\"elementor-element elementor-element-19f5535 elementor-widget-divider--view-line elementor-widget elementor-widget-divider\" data-id=\"19f5535\" data-element_type=\"widget\" data-widget_type=\"divider.default\">\n\t\t\t\t<div class=\"elementor-widget-container\">\n\t\t\t\t\t\t\t<div class=\"elementor-divider\">\n\t\t\t<span class=\"elementor-divider-separator\">\n\t\t\t\t\t\t<\/span>\n\t\t<\/div>\n\t\t\t\t\t\t<\/div>\n\t\t\t\t<\/div>\n\t\t\t\t<div class=\"elementor-element elementor-element-4b7b87f elementor-widget elementor-widget-text-editor\" data-id=\"4b7b87f\" data-element_type=\"widget\" data-widget_type=\"text-editor.default\">\n\t\t\t\t<div class=\"elementor-widget-container\">\n\t\t\t\t\t\t\t\t\t<h2><b>\u00bfC\u00d3MO PUEDO RESERVAR UNA BICICLETA EL\u00c9CTRICA GIANT PARA PROBAR?<\/b><\/h2><div><span style=\"font-family: var( --e-global-typography-text-font-family ), Sans-serif; font-weight: var( --e-global-typography-text-font-weight ); font-size: 1rem;\">\u00a0<\/span><\/div><div><strong>1.\u00a0RESERVA EL DIA O D\u00cdAS DE TEST:\u00a0<\/strong><\/div><div><span style=\"font-family: var( --e-global-typography-text-font-family ), Sans-serif; font-weight: var( --e-global-typography-text-font-weight ); font-size: 1rem;\">Contacta con nosotros para hacer la reserva a trav\u00e9s del siguiente n\u00famero de what&#8217;s up:\u00a0<\/span>\u00a0<strong>636 97 15 16 o bien ll\u00e1manos al\u00a0 93 6387251 ext 2.\u00a0<\/strong>Ind\u00edcanos el d\u00eda o d\u00edas que te ir\u00eda bien probarla para que podamos reservar la fecha. Reservamos fecha con un m\u00ednimo de 24h de antelaci\u00f3n.<\/div><div><b>\u00a0<\/b><\/div><div><b>2.<\/b> <strong>CONFIRMA LA RESERVA:<\/strong><\/div><div><p>Te enviaremos un enlace para poder proceder al pago de la reserva. Tiene un <strong>coste de 60\u20ac\/d\u00eda<\/strong> que puedes pagar desde el mismo enlace que te enviaremos al m\u00f3vil.<\/p><\/div><p><strong>3. RECOGE TU BICICLETA EN THE BIKE VILLAGE:<\/strong><\/p><p><span style=\"color: inherit; font-family: var( --e-global-typography-text-font-family ), Sans-serif; font-size: 1rem; font-style: inherit; font-variant-ligatures: inherit; font-variant-caps: inherit; font-weight: var( --e-global-typography-text-font-weight ); letter-spacing: inherit;\">Una vez acordada la <\/span><b style=\"color: inherit; font-family: var( --e-global-typography-text-font-family ), Sans-serif; font-size: 1rem; font-style: inherit; font-variant-ligatures: inherit; font-variant-caps: inherit; letter-spacing: inherit;\">fecha de recogida<\/b><span style=\"color: inherit; font-family: var( --e-global-typography-text-font-family ), Sans-serif; font-size: 1rem; font-style: inherit; font-variant-ligatures: inherit; font-variant-caps: inherit; font-weight: var( --e-global-typography-text-font-weight ); letter-spacing: inherit;\">\u00a0nosotros te preparamos la bicicleta con las suspensiones adaptadas a tu peso para que la tengas perfecta para tu salida.\u00a0<\/span><\/p><div>La bicicleta la puedes recoger el d\u00eda antes de 18:30-20:00 o bien el mismo d\u00eda de la salida.<\/div><div>\u00a0<\/div><div><b>4.<\/b>\u00a0<strong>DEVOLUCI\u00d3N:<\/strong><\/div><div>La devoluci\u00f3n de la bicicleta se deber\u00e1 realizar el mismo d\u00eda antes de las 18:30 o bien al d\u00eda siguiente,\u00a0<b>antes de las 10:00h en nuestra tienda TBV de Cabrera de Mar o Alella.<\/b><\/div><div>Si te ha gustado, o bien te has decidido por cualquier otra bicicleta GIANT de nuestra tienda, te <strong>descontaremos<\/strong> el precio del primer d\u00eda de test de tu bicicleta nueva.<\/div>\t\t\t\t\t\t\t\t<\/div>\n\t\t\t\t<\/div>\n\t\t\t\t<div class=\"elementor-element elementor-element-c250e71 elementor-widget-divider--view-line elementor-widget elementor-widget-divider\" data-id=\"c250e71\" data-element_type=\"widget\" data-widget_type=\"divider.default\">\n\t\t\t\t<div class=\"elementor-widget-container\">\n\t\t\t\t\t\t\t<div class=\"elementor-divider\">\n\t\t\t<span class=\"elementor-divider-separator\">\n\t\t\t\t\t\t<\/span>\n\t\t<\/div>\n\t\t\t\t\t\t<\/div>\n\t\t\t\t<\/div>\n\t\t\t\t<div class=\"elementor-element elementor-element-320c6d8 elementor-align-center elementor-widget elementor-widget-button\" data-id=\"320c6d8\" data-element_type=\"widget\" data-widget_type=\"button.default\">\n\t\t\t\t<div class=\"elementor-widget-container\">\n\t\t\t\t\t\t\t\t\t<div class=\"elementor-button-wrapper\">\n\t\t\t\t\t<a class=\"elementor-button elementor-button-link elementor-size-xl\" href=\"mailto:info@thebikevillage.com\">\n\t\t\t\t\t\t<span class=\"elementor-button-content-wrapper\">\n\t\t\t\t\t\t\t\t\t<span class=\"elementor-button-text\">\u00a1ALQUILAR AHORA!<\/span>\n\t\t\t\t\t<\/span>\n\t\t\t\t\t<\/a>\n\t\t\t\t<\/div>\n\t\t\t\t\t\t\t\t<\/div>\n\t\t\t\t<\/div>\n\t\t\t\t<div class=\"elementor-element elementor-element-6cc360e elementor-widget-divider--view-line elementor-widget elementor-widget-divider\" data-id=\"6cc360e\" data-element_type=\"widget\" data-widget_type=\"divider.default\">\n\t\t\t\t<div class=\"elementor-widget-container\">\n\t\t\t\t\t\t\t<div class=\"elementor-divider\">\n\t\t\t<span class=\"elementor-divider-separator\">\n\t\t\t\t\t\t<\/span>\n\t\t<\/div>\n\t\t\t\t\t\t<\/div>\n\t\t\t\t<\/div>\n\t\t\t\t<div class=\"elementor-element elementor-element-8c427ec elementor-widget elementor-widget-image\" data-id=\"8c427ec\" data-element_type=\"widget\" data-widget_type=\"image.default\">\n\t\t\t\t<div class=\"elementor-widget-container\">\n\t\t\t\t\t\t\t\t\t\t\t\t\t\t\t\t<a href=\"https:\/\/www.thebikevillage.com\/mtb\/21089-65776-bicicleta-electrica-giant-trance-x-adv-e-elite-2-2024.html#\/55-talla-l\">\n\t\t\t\t\t\t\t<img loading=\"lazy\" decoding=\"async\" width=\"750\" height=\"563\" src=\"https:\/\/www.thebikevillage.com\/blog\/wp-content\/uploads\/2024\/05\/MY23TranceXAdvancedEplusEL2_ColorAAmberGlow_Front-1024x768.jpg\" class=\"attachment-large size-large wp-image-10395\" alt=\"Bicicleta el\u00e9ctrica Giant Trance X Adv E+ Elite 2 2024\" srcset=\"https:\/\/www.thebikevillage.com\/blog\/wp-content\/uploads\/2024\/05\/MY23TranceXAdvancedEplusEL2_ColorAAmberGlow_Front-1024x768.jpg 1024w, https:\/\/www.thebikevillage.com\/blog\/wp-content\/uploads\/2024\/05\/MY23TranceXAdvancedEplusEL2_ColorAAmberGlow_Front-300x225.jpg 300w, https:\/\/www.thebikevillage.com\/blog\/wp-content\/uploads\/2024\/05\/MY23TranceXAdvancedEplusEL2_ColorAAmberGlow_Front-768x576.jpg 768w, https:\/\/www.thebikevillage.com\/blog\/wp-content\/uploads\/2024\/05\/MY23TranceXAdvancedEplusEL2_ColorAAmberGlow_Front-1536x1152.jpg 1536w, https:\/\/www.thebikevillage.com\/blog\/wp-content\/uploads\/2024\/05\/MY23TranceXAdvancedEplusEL2_ColorAAmberGlow_Front-2048x1536.jpg 2048w, https:\/\/www.thebikevillage.com\/blog\/wp-content\/uploads\/2024\/05\/MY23TranceXAdvancedEplusEL2_ColorAAmberGlow_Front-1568x1176.jpg 1568w\" sizes=\"(max-width: 750px) 100vw, 750px\" style=\"width:100%;height:75%;max-width:2560px\" \/>\t\t\t\t\t\t\t\t<\/a>\n\t\t\t\t\t\t\t\t\t\t\t\t\t\t\t<\/div>\n\t\t\t\t<\/div>\n\t\t\t\t<div class=\"elementor-element elementor-element-717a6b2 elementor-widget elementor-widget-text-editor\" data-id=\"717a6b2\" data-element_type=\"widget\" data-widget_type=\"text-editor.default\">\n\t\t\t\t<div class=\"elementor-widget-container\">\n\t\t\t\t\t\t\t\t\t<h2><b>\u00bfQu\u00e9 caracter\u00edsticas tiene la nueva <a href=\"https:\/\/www.thebikevillage.com\/mtb\/21089-65776-bicicleta-electrica-giant-trance-x-adv-e-elite-2-2024.html#\/55-talla-l\">Trance X E+ ELITE<\/a>?\u00a0<\/b><\/h2><div><p>Es una nueva Bicicleta el\u00e9ctrica\u00a0<strong>LIGERA<\/strong>\u00a0que entra en el cat\u00e1logo de GIANT, fabricada con\u00a0<strong>cuadro de carbono<\/strong>\u00a0doble suspensi\u00f3n de 150\/140mm de recorrido para un uso de mtb trail\/enduro ligero. Se trata de la<strong>\u00a0ebike \u201cFull Power\u201d m\u00e1s ligera<\/strong>\u00a0del mundo con tan solo\u00a0<strong>19,5kg<\/strong>\u00a0de peso.<\/p><p>La nueva Giant Trance Elite tiene\u00a0<strong>lo mejor de los dos mundos<\/strong>\u00a0gracias a las m\u00faltiples\u00a0<strong>configuraciones<\/strong>\u00a0que te permite el\u00a0<strong>motor<\/strong>.\u00a0<\/p><p><strong>CUADRO DE CARBONO ADVANCED:<\/strong><br \/>Cuenta con cuadro fabricado en carbono, el tri\u00e1ngulo delantero, el tri\u00e1ngulo trasero, pero tambi\u00e9n la biela son de carbono Composite Advanced.\u00a0<\/p><p><strong>MOTOR GIANT SYNCRDRIVE PRO 2<\/strong><br \/>Vienen equipadas con el nuevo motor de \u00faltima generaci\u00f3n Giant SyncrDrive Pro 2, basado en el motor YAMAHA PW-X3, de tan solo 2.7kg. Un motor muy eficiente y silencioso altamente configurable. Cuenta con 85Nm de par motor y una asistencia de hasta el 400%.<\/p><p><strong>MOTOR CONFIGURABLE<\/strong><br \/>La App Ride Control de Giant, te permite configurar la asistencia desde un 50% de ayuda hasta el 400% de asistencia.<\/p><p>Puedes modificar el par motor de cada uno de los 5 modos de ayuda, desde 20Nm hasta los 85Nm. Por lo que puedes tener una ebike low power y una Full Power en una sola bicicleta.<\/p><p><strong>BATER\u00cdA<\/strong>:<br \/>Super ligera y compacta de 400Wh, totalmente integrada dentro del cuadro. Fabricada con las nuevas celdas 22700 que aumentan la densidad y reducen el peso.<\/p><p><strong>EXTENDER DE BATER\u00cdA:<\/strong><br \/>Podr\u00e1s probarlas con el\u00a0 range extender de 200Wh, para tener hasta 600Wh aumentando en poco m\u00e1s de 1kg el peso total de la bicicleta \u00bfNo est\u00e1 nada mal verdad?<\/p><p><strong>GEOMETR\u00cdA VARIABLE CON FLIP CHIP<\/strong><br \/>Sistema de cambio de geometr\u00eda \u201cFLIPCHIP\u201d de Giant en su suspensi\u00f3n Maestro, para que puedas ajustar la geometr\u00eda de tu bicicleta a tu estilo de conducci\u00f3n.<\/p><\/div>\t\t\t\t\t\t\t\t<\/div>\n\t\t\t\t<\/div>\n\t\t\t\t<div class=\"elementor-element elementor-element-a9c41ed elementor-widget elementor-widget-spacer\" data-id=\"a9c41ed\" data-element_type=\"widget\" data-widget_type=\"spacer.default\">\n\t\t\t\t<div class=\"elementor-widget-container\">\n\t\t\t\t\t\t\t<div class=\"elementor-spacer\">\n\t\t\t<div class=\"elementor-spacer-inner\"><\/div>\n\t\t<\/div>\n\t\t\t\t\t\t<\/div>\n\t\t\t\t<\/div>\n\t\t\t\t<div class=\"elementor-element elementor-element-927c7cc elementor-widget elementor-widget-text-editor\" data-id=\"927c7cc\" data-element_type=\"widget\" data-widget_type=\"text-editor.default\">\n\t\t\t\t<div class=\"elementor-widget-container\">\n\t\t\t\t\t\t\t\t\t<h2><strong>\u00a1PRUEBA AHORA UNA <a href=\"https:\/\/www.thebikevillage.com\/mtb\/21089-65776-bicicleta-electrica-giant-trance-x-adv-e-elite-2-2024.html#\/55-talla-l\">GIANT TRANCE X E+ ELITE<\/a> EN THE BIKE VILLAGE!<\/strong><\/h2>\t\t\t\t\t\t\t\t<\/div>\n\t\t\t\t<\/div>\n\t\t\t\t\t<\/div>\n\t\t<\/div>\n\t\t\t\t\t<\/div>\n\t\t<\/section>\n\t\t\t\t<section class=\"elementor-section elementor-top-section elementor-element elementor-element-b04cb02 elementor-section-boxed elementor-section-height-default elementor-section-height-default\" data-id=\"b04cb02\" data-element_type=\"section\">\n\t\t\t\t\t\t<div class=\"elementor-container elementor-column-gap-default\">\n\t\t\t\t\t<div class=\"elementor-column elementor-col-100 elementor-top-column elementor-element elementor-element-ec15a62\" data-id=\"ec15a62\" data-element_type=\"column\">\n\t\t\t<div class=\"elementor-widget-wrap elementor-element-populated\">\n\t\t\t\t\t\t<div class=\"elementor-element elementor-element-a07e9e2 elementor-align-center elementor-widget elementor-widget-button\" data-id=\"a07e9e2\" data-element_type=\"widget\" data-widget_type=\"button.default\">\n\t\t\t\t<div class=\"elementor-widget-container\">\n\t\t\t\t\t\t\t\t\t<div class=\"elementor-button-wrapper\">\n\t\t\t\t\t<a class=\"elementor-button elementor-button-link elementor-size-xl\" href=\"mailto:info@thebikevillage.com\">\n\t\t\t\t\t\t<span class=\"elementor-button-content-wrapper\">\n\t\t\t\t\t\t\t\t\t<span class=\"elementor-button-text\">\u00a1ALQUILAR AHORA!<\/span>\n\t\t\t\t\t<\/span>\n\t\t\t\t\t<\/a>\n\t\t\t\t<\/div>\n\t\t\t\t\t\t\t\t<\/div>\n\t\t\t\t<\/div>\n\t\t\t\t<div class=\"elementor-element elementor-element-ffaf887 elementor-widget-divider--view-line elementor-widget elementor-widget-divider\" data-id=\"ffaf887\" data-element_type=\"widget\" data-widget_type=\"divider.default\">\n\t\t\t\t<div class=\"elementor-widget-container\">\n\t\t\t\t\t\t\t<div class=\"elementor-divider\">\n\t\t\t<span class=\"elementor-divider-separator\">\n\t\t\t\t\t\t<\/span>\n\t\t<\/div>\n\t\t\t\t\t\t<\/div>\n\t\t\t\t<\/div>\n\t\t\t\t<div class=\"elementor-element elementor-element-bbe471c elementor-widget elementor-widget-text-editor\" data-id=\"bbe471c\" data-element_type=\"widget\" data-widget_type=\"text-editor.default\">\n\t\t\t\t<div class=\"elementor-widget-container\">\n\t\t\t\t\t\t\t\t\t<h3 style=\"margin-bottom: 8px; font-family: inherit; font-weight: 600; font-size: 20px; letter-spacing: normal; line-height: 1.1em; max-width: var(--global--spacing-measure); font-style: inherit; font-variant: inherit; border: 0px #e1e1e1; font-stretch: inherit; vertical-align: baseline; color: #000000; text-align: center;\">\u00a1Para m\u00e1s informaci\u00f3n contacta con nosotros!<\/h3><p style=\"margin-top: 0.85em; margin-bottom: 0.85em; max-width: var(--global--spacing-measure); color: #4d4d4d; font-style: normal; font-variant-ligatures: normal; font-variant-caps: normal; font-weight: 400; font-size: 16px; font-family: HelveticaNeue, 'Helvetica Neue', Helvetica, Arial, sans-serif; letter-spacing: normal; border: 0px #e1e1e1; vertical-align: baseline; text-align: center;\"><a style=\"color: #4d4d4d; max-width: 100%; margin: 0px; padding: 0px; border: 0px #e1e1e1; font: inherit; vertical-align: baseline; outline: 0px;\" href=\"http:\/\/www.thebikevillage.com\/\">www.thebikevillage.com<\/a><\/p><p style=\"margin-top: 0.85em; margin-bottom: 0.85em; max-width: var(--global--spacing-measure); color: #4d4d4d; font-style: normal; font-variant-ligatures: normal; font-variant-caps: normal; font-weight: 400; font-size: 16px; font-family: HelveticaNeue, 'Helvetica Neue', Helvetica, Arial, sans-serif; letter-spacing: normal; border: 0px #e1e1e1; vertical-align: baseline; text-align: center;\">info@thebikevillage.com<\/p><p style=\"margin-top: 0.85em; margin-bottom: 0.85em; max-width: var(--global--spacing-measure); color: #4d4d4d; font-style: normal; font-variant-ligatures: normal; font-variant-caps: normal; font-weight: 400; font-size: 16px; font-family: HelveticaNeue, 'Helvetica Neue', Helvetica, Arial, sans-serif; letter-spacing: normal; border: 0px #e1e1e1; vertical-align: baseline; text-align: center;\"><strong style=\"font-weight: bold; max-width: var(--global--spacing-measure); margin: 0px; padding: 0px; border: 0px #e1e1e1; font-style: inherit; font-variant: inherit; font-stretch: inherit; font-size: inherit; line-height: inherit; font-family: inherit; vertical-align: baseline;\">936 387 251<\/strong><\/p>\t\t\t\t\t\t\t\t<\/div>\n\t\t\t\t<\/div>\n\t\t\t\t<div class=\"elementor-element elementor-element-33e1946 elementor-widget-divider--view-line elementor-widget elementor-widget-divider\" data-id=\"33e1946\" data-element_type=\"widget\" data-widget_type=\"divider.default\">\n\t\t\t\t<div class=\"elementor-widget-container\">\n\t\t\t\t\t\t\t<div class=\"elementor-divider\">\n\t\t\t<span class=\"elementor-divider-separator\">\n\t\t\t\t\t\t<\/span>\n\t\t<\/div>\n\t\t\t\t\t\t<\/div>\n\t\t\t\t<\/div>\n\t\t\t\t\t<\/div>\n\t\t<\/div>\n\t\t\t\t\t<\/div>\n\t\t<\/section>\n\t\t\t\t<section class=\"elementor-section elementor-top-section elementor-element elementor-element-58a4bed2 elementor-section-boxed elementor-section-height-default elementor-section-height-default\" data-id=\"58a4bed2\" data-element_type=\"section\">\n\t\t\t\t\t\t<div class=\"elementor-container elementor-column-gap-default\">\n\t\t\t\t\t<div class=\"elementor-column elementor-col-33 elementor-top-column elementor-element elementor-element-3e36fea0\" data-id=\"3e36fea0\" data-element_type=\"column\">\n\t\t\t<div class=\"elementor-widget-wrap elementor-element-populated\">\n\t\t\t\t\t\t<div class=\"elementor-element elementor-element-313bc82d elementor-widget elementor-widget-text-editor\" data-id=\"313bc82d\" data-element_type=\"widget\" data-widget_type=\"text-editor.default\">\n\t\t\t\t<div class=\"elementor-widget-container\">\n\t\t\t\t\t\t\t\t\t<p><span style=\"color: #4d4d4d; font-family: HelveticaNeue, 'Helvetica Neue', Helvetica, Arial, sans-serif; text-align: center;\">Te recomendamos que eches un vistazo a nuestro\u00a0<\/span><strong style=\"margin: 0px; padding: 0px; border: 0px #e1e1e1; font-variant-numeric: inherit; font-variant-east-asian: inherit; font-weight: bold; font-stretch: inherit; line-height: inherit; font-family: HelveticaNeue, 'Helvetica Neue', Helvetica, Arial, sans-serif; vertical-align: baseline; color: #4d4d4d; text-align: center;\"><a style=\"margin: 0px; padding: 0px; border: 0px #e1e1e1; font: inherit; vertical-align: baseline; outline: 0px; max-width: 100%; color: #4d4d4d;\" href=\"https:\/\/www.thebikevillage.com\/blog\/\">blog<\/a><\/strong><span style=\"color: #4d4d4d; font-family: HelveticaNeue, 'Helvetica Neue', Helvetica, Arial, sans-serif; text-align: center;\">\u00a0para descubrir m\u00e1s cuestiones interesantes sobre el mundo del ciclismo.<\/span><\/p>\t\t\t\t\t\t\t\t<\/div>\n\t\t\t\t<\/div>\n\t\t\t\t<div class=\"elementor-element elementor-element-2eb50bc6 elementor-widget-divider--view-line elementor-widget elementor-widget-divider\" data-id=\"2eb50bc6\" data-element_type=\"widget\" data-widget_type=\"divider.default\">\n\t\t\t\t<div class=\"elementor-widget-container\">\n\t\t\t\t\t\t\t<div class=\"elementor-divider\">\n\t\t\t<span class=\"elementor-divider-separator\">\n\t\t\t\t\t\t<\/span>\n\t\t<\/div>\n\t\t\t\t\t\t<\/div>\n\t\t\t\t<\/div>\n\t\t\t\t<div class=\"elementor-element elementor-element-7d9321b5 elementor-widget elementor-widget-text-editor\" data-id=\"7d9321b5\" data-element_type=\"widget\" data-widget_type=\"text-editor.default\">\n\t\t\t\t<div class=\"elementor-widget-container\">\n\t\t\t\t\t\t\t\t\t<p><span style=\"color: #4d4d4d; font-family: HelveticaNeue, 'Helvetica Neue', Helvetica, Arial, sans-serif; text-align: center;\">\u00a1Ven a vernos a<\/span><strong style=\"margin: 0px; padding: 0px; border: 0px #e1e1e1; font-variant-numeric: inherit; font-variant-east-asian: inherit; font-weight: bold; font-stretch: inherit; line-height: inherit; font-family: HelveticaNeue, 'Helvetica Neue', Helvetica, Arial, sans-serif; vertical-align: baseline; color: #4d4d4d; text-align: center;\">\u00a0nuestra tienda\u00a0<a style=\"margin: 0px; padding: 0px; border: 0px #e1e1e1; font: inherit; vertical-align: baseline; outline: 0px; max-width: 100%; color: #4d4d4d;\" href=\"https:\/\/goo.gl\/maps\/FgEXd8VeMsKjbrrr7\" target=\"_blank\" rel=\"noopener\">f\u00edsica en Cabrera de Mar<\/a><\/strong><span style=\"color: #4d4d4d; font-family: HelveticaNeue, 'Helvetica Neue', Helvetica, Arial, sans-serif; text-align: center;\">\u00a0o visita nuestra<\/span><strong style=\"margin: 0px; padding: 0px; border: 0px #e1e1e1; font-variant-numeric: inherit; font-variant-east-asian: inherit; font-weight: bold; font-stretch: inherit; line-height: inherit; font-family: HelveticaNeue, 'Helvetica Neue', Helvetica, Arial, sans-serif; vertical-align: baseline; color: #4d4d4d; text-align: center;\">\u00a0<a style=\"margin: 0px; padding: 0px; border: 0px #e1e1e1; font: inherit; vertical-align: baseline; outline: 0px; max-width: 100%; color: #4d4d4d;\" href=\"http:\/\/www.thebikevillage.com\/\">tienda online<\/a>!<\/strong><\/p>\t\t\t\t\t\t\t\t<\/div>\n\t\t\t\t<\/div>\n\t\t\t\t<div class=\"elementor-element elementor-element-7edce8f3 elementor-widget-divider--view-line elementor-widget elementor-widget-divider\" data-id=\"7edce8f3\" data-element_type=\"widget\" data-widget_type=\"divider.default\">\n\t\t\t\t<div class=\"elementor-widget-container\">\n\t\t\t\t\t\t\t<div class=\"elementor-divider\">\n\t\t\t<span class=\"elementor-divider-separator\">\n\t\t\t\t\t\t<\/span>\n\t\t<\/div>\n\t\t\t\t\t\t<\/div>\n\t\t\t\t<\/div>\n\t\t\t\t<div class=\"elementor-element elementor-element-49bc9013 elementor-widget elementor-widget-text-editor\" data-id=\"49bc9013\" data-element_type=\"widget\" data-widget_type=\"text-editor.default\">\n\t\t\t\t<div class=\"elementor-widget-container\">\n\t\t\t\t\t\t\t\t\t<p><strong style=\"margin: 0px; padding: 0px; border: 0px #e1e1e1; font-variant-numeric: inherit; font-variant-east-asian: inherit; font-weight: bold; font-stretch: inherit; line-height: inherit; font-family: HelveticaNeue, 'Helvetica Neue', Helvetica, Arial, sans-serif; vertical-align: baseline; color: #4d4d4d; text-align: center;\">\u00a1Si tienes alguna duda contacta con nosotros!<\/strong><\/p>\t\t\t\t\t\t\t\t<\/div>\n\t\t\t\t<\/div>\n\t\t\t\t<div class=\"elementor-element elementor-element-4e892d13 elementor-widget elementor-widget-image\" data-id=\"4e892d13\" data-element_type=\"widget\" data-widget_type=\"image.default\">\n\t\t\t\t<div class=\"elementor-widget-container\">\n\t\t\t\t\t\t\t\t\t\t\t\t\t\t\t<img loading=\"lazy\" decoding=\"async\" width=\"140\" height=\"82\" src=\"https:\/\/www.thebikevillage.com\/blog\/wp-content\/uploads\/2020\/12\/the-bike-village-1429031170.jpg\" class=\"attachment-large size-large wp-image-3665\" alt=\"Logotipo de The Bike Village\" style=\"width:100%;height:58.57%;max-width:140px\" \/>\t\t\t\t\t\t\t\t\t\t\t\t\t\t\t<\/div>\n\t\t\t\t<\/div>\n\t\t\t\t\t<\/div>\n\t\t<\/div>\n\t\t\t\t<div class=\"elementor-column elementor-col-66 elementor-top-column elementor-element elementor-element-6c343507\" data-id=\"6c343507\" data-element_type=\"column\">\n\t\t\t<div class=\"elementor-widget-wrap elementor-element-populated\">\n\t\t\t\t\t\t<div class=\"elementor-element elementor-element-4d5b3bef elementor-widget elementor-widget-image\" data-id=\"4d5b3bef\" data-element_type=\"widget\" data-widget_type=\"image.default\">\n\t\t\t\t<div class=\"elementor-widget-container\">\n\t\t\t\t\t\t\t\t\t\t\t\t\t\t\t<img loading=\"lazy\" decoding=\"async\" width=\"1030\" height=\"688\" src=\"https:\/\/www.thebikevillage.com\/blog\/wp-content\/uploads\/2020\/12\/CMP_7401-1030x688-1.jpg\" class=\"attachment-full size-full wp-image-3666\" alt=\"Tienda f\u00edsica de bicicletas The Bike Village\" srcset=\"https:\/\/www.thebikevillage.com\/blog\/wp-content\/uploads\/2020\/12\/CMP_7401-1030x688-1.jpg 1030w, https:\/\/www.thebikevillage.com\/blog\/wp-content\/uploads\/2020\/12\/CMP_7401-1030x688-1-300x200.jpg 300w, https:\/\/www.thebikevillage.com\/blog\/wp-content\/uploads\/2020\/12\/CMP_7401-1030x688-1-1024x684.jpg 1024w, https:\/\/www.thebikevillage.com\/blog\/wp-content\/uploads\/2020\/12\/CMP_7401-1030x688-1-768x513.jpg 768w\" sizes=\"(max-width: 1030px) 100vw, 1030px\" style=\"width:100%;height:66.8%;max-width:1030px\" \/>\t\t\t\t\t\t\t\t\t\t\t\t\t\t\t<\/div>\n\t\t\t\t<\/div>\n\t\t\t\t\t<\/div>\n\t\t<\/div>\n\t\t\t\t\t<\/div>\n\t\t<\/section>\n\t\t\t\t<\/div>\n\t\t","protected":false},"excerpt":{"rendered":"<p>The Bike Village se convierte en un Giant Test Center, donde podr\u00e1s probar las exclusivas bicicletas el\u00e9ctricas ligeras Full Power Trance E+ Elite<\/p>\n","protected":false},"author":3,"featured_media":10387,"comment_status":"open","ping_status":"open","sticky":false,"template":"","format":"standard","meta":{"footnotes":""},"categories":[13],"tags":[428,429,431,432,434,433,435,436,58,438,437,580,439],"class_list":["post-10384","post","type-post","status-publish","format-standard","has-post-thumbnail","hentry","category-test-bicicletas","tag-alquiler","tag-alquilerbici","tag-alquilerbicicleta","tag-alquilerbicicletas","tag-alquilerbicicletaselectricas","tag-alquilerbicicletasmaresme","tag-alquilerebike","tag-alquilerebikes","tag-bicicletaelectrica","tag-cabrerademar","tag-ebikerent","tag-giant-test-center","tag-mataro","entry"],"_links":{"self":[{"href":"https:\/\/www.thebikevillage.com\/blog\/wp-json\/wp\/v2\/posts\/10384","targetHints":{"allow":["GET"]}}],"collection":[{"href":"https:\/\/www.thebikevillage.com\/blog\/wp-json\/wp\/v2\/posts"}],"about":[{"href":"https:\/\/www.thebikevillage.com\/blog\/wp-json\/wp\/v2\/types\/post"}],"author":[{"embeddable":true,"href":"https:\/\/www.thebikevillage.com\/blog\/wp-json\/wp\/v2\/users\/3"}],"replies":[{"embeddable":true,"href":"https:\/\/www.thebikevillage.com\/blog\/wp-json\/wp\/v2\/comments?post=10384"}],"version-history":[{"count":50,"href":"https:\/\/www.thebikevillage.com\/blog\/wp-json\/wp\/v2\/posts\/10384\/revisions"}],"predecessor-version":[{"id":10449,"href":"https:\/\/www.thebikevillage.com\/blog\/wp-json\/wp\/v2\/posts\/10384\/revisions\/10449"}],"wp:featuredmedia":[{"embeddable":true,"href":"https:\/\/www.thebikevillage.com\/blog\/wp-json\/wp\/v2\/media\/10387"}],"wp:attachment":[{"href":"https:\/\/www.thebikevillage.com\/blog\/wp-json\/wp\/v2\/media?parent=10384"}],"wp:term":[{"taxonomy":"category","embeddable":true,"href":"https:\/\/www.thebikevillage.com\/blog\/wp-json\/wp\/v2\/categories?post=10384"},{"taxonomy":"post_tag","embeddable":true,"href":"https:\/\/www.thebikevillage.com\/blog\/wp-json\/wp\/v2\/tags?post=10384"}],"curies":[{"name":"wp","href":"https:\/\/api.w.org\/{rel}","templated":true}]}}