{"id":1796,"date":"2019-12-05T10:17:15","date_gmt":"2019-12-05T10:17:15","guid":{"rendered":"https:\/\/www.thebikevillage.com\/blog\/?p=1796"},"modified":"2021-05-24T11:08:17","modified_gmt":"2021-05-24T11:08:17","slug":"berga-enduro","status":"publish","type":"post","link":"https:\/\/www.thebikevillage.com\/blog\/berga-enduro\/","title":{"rendered":"Descubriendo el Bergued\u00e1 con Berga Enduro"},"content":{"rendered":"\n<div class=\"entry-content-wrapper clearfix\"><div class=\"avia-video avia-video-16-9   av-lazyload-immediate  av-lazyload-video-embed  \" itemprop=\"video\" itemtype=\"https:\/\/schema.org\/VideoObject\" data-original_url=\"https:\/\/youtu.be\/hD7kwLH3B4s\"><div class=\"avia-iframe-wrap\"><iframe src=\"https:\/\/www.youtube.com\/embed\/hD7kwLH3B4s?feature=oembed&amp;wmode=opaque&amp;rel=0\" allow=\"accelerometer; autoplay; encrypted-media; gyroscope; picture-in-picture\" allowfullscreen=\"\" width=\"1500\" height=\"844\" frameborder=\"0\"><\/iframe><\/div><\/div>\n<section class=\"av_textblock_section \" itemscope=\"itemscope\" itemtype=\"https:\/\/schema.org\/BlogPosting\" itemprop=\"blogPost\"><div class=\"avia_textblock  \" itemprop=\"text\"><h1>Endureando por el Bergued\u00e1<\/h1>\n<h2>Un para\u00edso del enduro<\/h2>\n<p>A mediados de Noviembre el equipo <strong>The Bike Village<\/strong> nos juntamos para ir a descubrir la comarca del <strong>Bergued\u00e1<\/strong> (Barcelona) con nuestras bicicletas de enduro. Una de las zonas ciclistas m\u00e1s desconocidas de <strong>Catalu\u00f1a<\/strong> pero que m\u00e1s est\u00e1 sonando \u00faltimamente en los sectores del <strong>Enduro-Aventura<\/strong>. Para ello contactamos con nuestros amigos <strong>Felix Pons<\/strong> y <strong>P\u00e4r Lindholm<\/strong> de<a href=\"https:\/\/bergaenduro.com\/\" target=\"_blank\" rel=\"noopener\"><strong> Berga Enduro<\/strong><\/a>, una empresa de <strong>guiaje en bicicleta<\/strong> especializados en la comarca pre pirenaica del Bergued\u00e1.<\/p>\n<p><img fetchpriority=\"high\" decoding=\"async\" class=\"alignnone wp-image-1800 size-full\" src=\"https:\/\/www.thebikevillage.com\/blog\/wp-content\/uploads\/2019\/12\/P1080585-1-e1575547827148.jpg\" alt=\"\" srcset=\"https:\/\/www.thebikevillage.com\/blog\/wp-content\/uploads\/2019\/12\/P1080585-1-e1575547827148.jpg 2000w, https:\/\/www.thebikevillage.com\/blog\/wp-content\/uploads\/2019\/12\/P1080585-1-e1575547827148-300x110.jpg 300w, https:\/\/www.thebikevillage.com\/blog\/wp-content\/uploads\/2019\/12\/P1080585-1-e1575547827148-768x280.jpg 768w, https:\/\/www.thebikevillage.com\/blog\/wp-content\/uploads\/2019\/12\/P1080585-1-e1575547827148-1030x376.jpg 1030w, https:\/\/www.thebikevillage.com\/blog\/wp-content\/uploads\/2019\/12\/P1080585-1-e1575547827148-1500x548.jpg 1500w, https:\/\/www.thebikevillage.com\/blog\/wp-content\/uploads\/2019\/12\/P1080585-1-e1575547827148-705x257.jpg 705w, https:\/\/www.thebikevillage.com\/blog\/wp-content\/uploads\/2019\/12\/P1080585-1-e1575547827148-450x164.jpg 450w\" sizes=\"(max-width: 2000px) 100vw, 2000px\" width=\"2000\" height=\"730\"> <img decoding=\"async\" class=\"alignnone wp-image-1807 size-full\" src=\"https:\/\/www.thebikevillage.com\/blog\/wp-content\/uploads\/2019\/12\/IMG_7965-e1575547784877.jpg\" alt=\"\" srcset=\"https:\/\/www.thebikevillage.com\/blog\/wp-content\/uploads\/2019\/12\/IMG_7965-e1575547784877.jpg 480w, https:\/\/www.thebikevillage.com\/blog\/wp-content\/uploads\/2019\/12\/IMG_7965-e1575547784877-267x300.jpg 267w, https:\/\/www.thebikevillage.com\/blog\/wp-content\/uploads\/2019\/12\/IMG_7965-e1575547784877-450x505.jpg 450w\" sizes=\"(max-width: 480px) 100vw, 480px\" width=\"480\" height=\"539\"><\/p>\n<h3>Integral Rasos de Peguera<\/h3>\n<p>El <strong>Bergued\u00e1<\/strong>&nbsp;es una zona desconocida todav\u00eda para muchos <strong>endureros<\/strong>, un paraiso del enduro, <strong>salvaje y natural<\/strong>, con centenares de ecl\u00e9cticos senderos que te llevan por unos paisajes de alta monta\u00f1a con vistas de ensue\u00f1o.<\/p>\n<p>Como no hab\u00edamos estado nunca nos dejamos guiar por nuestros amigos de<strong><a href=\"https:\/\/bergaenduro.com\/\" target=\"_blank\" rel=\"noopener\"> Berga Enduro<\/a><\/strong>, quienes por la situaci\u00f3n del terreno y la \u00e9poca del a\u00f1o nos recomendaron hacer una de las rutas m\u00e1s m\u00edticas, <strong>La Integral de Rasos de Peguera<\/strong>. Una ruta de <strong>37km con 825m de desnivel positivo<\/strong> acumulado y <strong>2.100m de desnivel negativo<\/strong>.<\/p>\n<p>La subida hasta la antigua estaci\u00f3n de esqu\u00ed de <strong>Rasos de Peguera (1.850m)<\/strong> la hicimos con el servicio de <strong>remontes<\/strong> que nos proporcionaron los chicos de <strong>Berga Enduro<\/strong>. Por suerte para nosotros, pues subir hasta arriba de Rasos, te puede llevar m\u00e1s de 2h pedaleando por carretera.<\/p>\n<p>Empezamos descargando las bicicletas en la base de la estaci\u00f3n de <strong>Rasos de Peguera<\/strong>, desde ah\u00ed bajamos un peque\u00f1o tramo de carretera y empezamos a subir poco a poco por una pista ancha pero totalmente helada.<\/p>\n<p><img decoding=\"async\" class=\"alignnone wp-image-1806 size-full\" src=\"https:\/\/www.thebikevillage.com\/blog\/wp-content\/uploads\/2019\/12\/IMG_7972-e1575547745314.jpg\" alt=\"\" srcset=\"https:\/\/www.thebikevillage.com\/blog\/wp-content\/uploads\/2019\/12\/IMG_7972-e1575547745314.jpg 468w, https:\/\/www.thebikevillage.com\/blog\/wp-content\/uploads\/2019\/12\/IMG_7972-e1575547745314-300x288.jpg 300w, https:\/\/www.thebikevillage.com\/blog\/wp-content\/uploads\/2019\/12\/IMG_7972-e1575547745314-36x36.jpg 36w, https:\/\/www.thebikevillage.com\/blog\/wp-content\/uploads\/2019\/12\/IMG_7972-e1575547745314-450x432.jpg 450w\" sizes=\"(max-width: 468px) 100vw, 468px\" width=\"468\" height=\"449\"><\/p>\n<p>Una subida corta de apenas un par de kil\u00f3metros que nos llevaran a calentar las piernas despu\u00e9s del fr\u00edo matutino que nos hemos encontrado.<\/p>\n<p>Al llegar arriba de todo nos encontramos con unas vistas magn\u00edficas de la comarca del <strong>Bergued\u00e1<\/strong>, con un aire puro y limpio que nos lleva a ver hasta las monta\u00f1as del Montseny o Montserrat.<\/p>\n<p><img loading=\"lazy\" decoding=\"async\" class=\"alignnone wp-image-1811 size-full\" src=\"https:\/\/www.thebikevillage.com\/blog\/wp-content\/uploads\/2019\/12\/Captura-e1575547902240.png\" alt=\"\" srcset=\"https:\/\/www.thebikevillage.com\/blog\/wp-content\/uploads\/2019\/12\/Captura-e1575547902240.png 1772w, https:\/\/www.thebikevillage.com\/blog\/wp-content\/uploads\/2019\/12\/Captura-e1575547902240-300x100.png 300w, https:\/\/www.thebikevillage.com\/blog\/wp-content\/uploads\/2019\/12\/Captura-e1575547902240-768x257.png 768w, https:\/\/www.thebikevillage.com\/blog\/wp-content\/uploads\/2019\/12\/Captura-e1575547902240-1030x345.png 1030w, https:\/\/www.thebikevillage.com\/blog\/wp-content\/uploads\/2019\/12\/Captura-e1575547902240-1500x502.png 1500w, https:\/\/www.thebikevillage.com\/blog\/wp-content\/uploads\/2019\/12\/Captura-e1575547902240-705x236.png 705w, https:\/\/www.thebikevillage.com\/blog\/wp-content\/uploads\/2019\/12\/Captura-e1575547902240-450x151.png 450w\" sizes=\"(max-width: 1772px) 100vw, 1772px\" width=\"1772\" height=\"593\"><\/p>\n<p><img loading=\"lazy\" decoding=\"async\" class=\"alignnone wp-image-1805 size-full\" src=\"https:\/\/www.thebikevillage.com\/blog\/wp-content\/uploads\/2019\/12\/IMG_7996-e1575548125917.jpg\" alt=\"\" srcset=\"https:\/\/www.thebikevillage.com\/blog\/wp-content\/uploads\/2019\/12\/IMG_7996-e1575548125917.jpg 640w, https:\/\/www.thebikevillage.com\/blog\/wp-content\/uploads\/2019\/12\/IMG_7996-e1575548125917-300x154.jpg 300w, https:\/\/www.thebikevillage.com\/blog\/wp-content\/uploads\/2019\/12\/IMG_7996-e1575548125917-450x231.jpg 450w\" sizes=\"(max-width: 640px) 100vw, 640px\" width=\"640\" height=\"329\"><\/p>\n<h3>Bajar, bajar y bajar<\/h3>\n<p>La bajada empieza despu\u00e9s de una parada para reagruar en un peque\u00f1o lago helado. Empezamos bajando por una<strong> divertida y f\u00e1cil pendiente de hierba y nieve<\/strong>. Apenas 500 metros despu\u00e9s ya empezamos el descenso realmente.<\/p>\n<p><img loading=\"lazy\" decoding=\"async\" class=\"alignnone size-full wp-image-1812\" src=\"https:\/\/www.thebikevillage.com\/blog\/wp-content\/uploads\/2019\/12\/Captura_2.png\" alt=\"\" srcset=\"https:\/\/www.thebikevillage.com\/blog\/wp-content\/uploads\/2019\/12\/Captura_2.png 1195w, https:\/\/www.thebikevillage.com\/blog\/wp-content\/uploads\/2019\/12\/Captura_2-300x181.png 300w, https:\/\/www.thebikevillage.com\/blog\/wp-content\/uploads\/2019\/12\/Captura_2-768x463.png 768w, https:\/\/www.thebikevillage.com\/blog\/wp-content\/uploads\/2019\/12\/Captura_2-1030x621.png 1030w, https:\/\/www.thebikevillage.com\/blog\/wp-content\/uploads\/2019\/12\/Captura_2-705x425.png 705w, https:\/\/www.thebikevillage.com\/blog\/wp-content\/uploads\/2019\/12\/Captura_2-450x271.png 450w\" sizes=\"(max-width: 1195px) 100vw, 1195px\" width=\"1195\" height=\"720\"><\/p>\n<p>La primera parte de la bajada es <strong>estrecha y pedregosa, totalmente natural<\/strong>, m\u00e1s bien parecida a un antiguo<strong> camino de senderistas<\/strong> reabierto que una pista de bicicletas,&nbsp; aunque hay que decir que es bastante divertida la verdad. Eso si, hay que ir vigilando el manillar, nuestro amigo Oscar Medina se fue de morros tras solo 2 minutos de bajada al engancharse el manillar con un arbusto.<\/p>\n<p>Aunque hay bastante piedra, las bajadas son aptas para casi cualquier nivel de enduro.<\/p>\n<p>Todos los senderos de la zona nos explican<strong> P\u00e4r y Felix <\/strong>(gu\u00edas de Berga Enduro) son antiguos caminos de pastoreo o bien caminos de <strong>senderistas<\/strong>, as\u00ed que aunque no nos encontramos a casi nadie en toda la ruta vamos con cuidado en las zonas estrechas para no importunar a nadie.<\/p>\n<p><img loading=\"lazy\" decoding=\"async\" class=\"alignnone size-full wp-image-1810\" src=\"https:\/\/www.thebikevillage.com\/blog\/wp-content\/uploads\/2019\/12\/Captura_3.png\" alt=\"\" srcset=\"https:\/\/www.thebikevillage.com\/blog\/wp-content\/uploads\/2019\/12\/Captura_3.png 1302w, https:\/\/www.thebikevillage.com\/blog\/wp-content\/uploads\/2019\/12\/Captura_3-300x178.png 300w, https:\/\/www.thebikevillage.com\/blog\/wp-content\/uploads\/2019\/12\/Captura_3-768x457.png 768w, https:\/\/www.thebikevillage.com\/blog\/wp-content\/uploads\/2019\/12\/Captura_3-1030x612.png 1030w, https:\/\/www.thebikevillage.com\/blog\/wp-content\/uploads\/2019\/12\/Captura_3-705x419.png 705w, https:\/\/www.thebikevillage.com\/blog\/wp-content\/uploads\/2019\/12\/Captura_3-450x268.png 450w\" sizes=\"(max-width: 1302px) 100vw, 1302px\" width=\"1302\" height=\"774\"><\/p>\n<p>La bajada es larga y se divide en <strong>muchas partes diferentes<\/strong> con zonas r\u00e1pidas, zonas lentas y t\u00e9cnicas, alg\u00fan peque\u00f1o repech\u00f3n empinado. Mientras vamos bajando giramos izquierda y derecha seg\u00fan nos indican los gu\u00edas, es<strong> un verdadero laberinto de caminos<\/strong>, pues no siempre el camino principal es el que vamos a seguir.<\/p>\n<p>Seguro que muchos de vosotros que est\u00e1is leyendo este post, estar\u00e9is pensando en hacer esta ruta por vuestra cuenta. Os lo desaconsejamos directamente. Si intent\u00e1is bajar por vuestra cuenta siguiendo un track, ya os decimos que seguro os vais a perder, en toda la bajada nos encontramos yo creo que <strong>m\u00e1s de 40 cruces<\/strong>, algunos de ellos de lo m\u00e1s escondidos, por lo que <strong>lo m\u00e1s sensato es contratar el guiaje de <a href=\"https:\/\/bergaenduro.com\/\" target=\"_blank\" rel=\"noopener\">Berga Enduro<\/a><\/strong>, quienes os llevaran a buen ritmo y sin perderos por los senderos del <strong>Bergued\u00e1<\/strong>.<\/p>\n<p>Los senderos de bajada se alternan con algunas <strong>subidas cortas pero muy explosivas<\/strong> y empinadas a prueba de las piernas de nuestro tracto del Maresme Jonny,<\/p>\n<h3>La torre del campanario<\/h3>\n<p>A mitad de camino despu\u00e9s de una divertida y larga bajada nos encontramos con una subida de asfalto que nos llevar\u00e1 hasta lo m\u00e1s alto de la siguiente monta\u00f1a donde encontraremos <strong>un campanario abandonado<\/strong> con&nbsp; su campana incluida.<\/p>\n<p><img loading=\"lazy\" decoding=\"async\" class=\"alignnone size-full wp-image-1813\" src=\"https:\/\/www.thebikevillage.com\/blog\/wp-content\/uploads\/2019\/12\/Captura_4.png\" alt=\"\" srcset=\"https:\/\/www.thebikevillage.com\/blog\/wp-content\/uploads\/2019\/12\/Captura_4.png 1599w, https:\/\/www.thebikevillage.com\/blog\/wp-content\/uploads\/2019\/12\/Captura_4-300x138.png 300w, https:\/\/www.thebikevillage.com\/blog\/wp-content\/uploads\/2019\/12\/Captura_4-768x354.png 768w, https:\/\/www.thebikevillage.com\/blog\/wp-content\/uploads\/2019\/12\/Captura_4-1030x474.png 1030w, https:\/\/www.thebikevillage.com\/blog\/wp-content\/uploads\/2019\/12\/Captura_4-1500x690.png 1500w, https:\/\/www.thebikevillage.com\/blog\/wp-content\/uploads\/2019\/12\/Captura_4-705x325.png 705w, https:\/\/www.thebikevillage.com\/blog\/wp-content\/uploads\/2019\/12\/Captura_4-450x207.png 450w\" sizes=\"(max-width: 1599px) 100vw, 1599px\" width=\"1599\" height=\"736\"><\/p>\n<p>La subida es corta, pero brutal e inhumana, con <strong>rampas de hasta el 27%<\/strong>. Nosotros conseguimos subir hasta la torre de la campana pedaleando sin bajarnos de la bici, os animamos a intentarlo\u2026 si os atreveis.<\/p>\n<p><img loading=\"lazy\" decoding=\"async\" class=\"alignnone wp-image-1803 size-full\" src=\"https:\/\/www.thebikevillage.com\/blog\/wp-content\/uploads\/2019\/12\/IMG_8012-e1575547998892.jpg\" alt=\"\" srcset=\"https:\/\/www.thebikevillage.com\/blog\/wp-content\/uploads\/2019\/12\/IMG_8012-e1575547998892.jpg 480w, https:\/\/www.thebikevillage.com\/blog\/wp-content\/uploads\/2019\/12\/IMG_8012-e1575547998892-300x253.jpg 300w, https:\/\/www.thebikevillage.com\/blog\/wp-content\/uploads\/2019\/12\/IMG_8012-e1575547998892-450x379.jpg 450w\" sizes=\"(max-width: 480px) 100vw, 480px\" width=\"480\" height=\"404\"><\/p>\n<p>La <strong>bajada desde el campanario es natural y salvaje<\/strong> con mucha roca y zona estrecha, aunque con no demasiada inclinaci\u00f3n. La verdad es que se hacen muy divertidas con nuestras bicicletas de enduro.<\/p>\n<p>Desde este punto empezamos de nuevo a bajar con alguna peque\u00f1a subida en medio que nos llevar\u00e1 hasta pr\u00e1cticamente el final de la ruta.<\/p>\n<h3>Final de la ruta<\/h3>\n<p>La <strong>\u00faltima bajada<\/strong> acaba en el pueblo de <strong>Avi\u00e0<\/strong>, seguro que los que hab\u00e9is competido en descenso os acordareis del m\u00edtico circuito de DH. De hecho el \u00faltimo km pasamos por el<strong> final del circuito de Copa Catalana<\/strong>, que aun mantiene algunos de los m\u00edticos saltos.<\/p>\n<p>Aunque el final de la bajada es en <strong>Avi\u00e0<\/strong>, continuamos desde all\u00ed en un <strong>continuo sube y baja de 10kms<\/strong> hasta el pueblo de <strong>Gironella<\/strong>, donde hab\u00edamos aparcado los coches al venir.<\/p>\n<p>Despu\u00e9s de<strong> 6 horas de ruta<\/strong> y unas cuantas paradas por el camino nos encontramos ya en el parking de vuelta a las 4 de la tarde con un hambre de mil demonios. Y es que 37km de bajar le deja a uno con hambre y cansado.<\/p>\n<p><img loading=\"lazy\" decoding=\"async\" class=\"alignnone wp-image-1802 size-full\" src=\"https:\/\/www.thebikevillage.com\/blog\/wp-content\/uploads\/2019\/12\/P1080606-5-e1575548161984.jpg\" alt=\"\" srcset=\"https:\/\/www.thebikevillage.com\/blog\/wp-content\/uploads\/2019\/12\/P1080606-5-e1575548161984.jpg 2000w, https:\/\/www.thebikevillage.com\/blog\/wp-content\/uploads\/2019\/12\/P1080606-5-e1575548161984-300x125.jpg 300w, https:\/\/www.thebikevillage.com\/blog\/wp-content\/uploads\/2019\/12\/P1080606-5-e1575548161984-768x319.jpg 768w, https:\/\/www.thebikevillage.com\/blog\/wp-content\/uploads\/2019\/12\/P1080606-5-e1575548161984-1030x427.jpg 1030w, https:\/\/www.thebikevillage.com\/blog\/wp-content\/uploads\/2019\/12\/P1080606-5-e1575548161984-1500x623.jpg 1500w, https:\/\/www.thebikevillage.com\/blog\/wp-content\/uploads\/2019\/12\/P1080606-5-e1575548161984-705x293.jpg 705w, https:\/\/www.thebikevillage.com\/blog\/wp-content\/uploads\/2019\/12\/P1080606-5-e1575548161984-450x187.jpg 450w\" sizes=\"(max-width: 2000px) 100vw, 2000px\" width=\"2000\" height=\"830\"><\/p>\n<p>Ya para acabar, os recomendamos una paradita para comer en el restaurante local del parking, por fuera no os dir\u00e1 gran cosa, pero vaya grata sorpresa nos llevamos al recibir los platos. Nos sorprendi\u00f3 por su variedad, calidad y cantidad de la comida, y adem\u00e1s barato.<\/p>\n<p><img loading=\"lazy\" decoding=\"async\" class=\"alignnone wp-image-1809 size-full\" src=\"https:\/\/www.thebikevillage.com\/blog\/wp-content\/uploads\/2019\/12\/IMG_8027-e1575548207812.jpg\" alt=\"\" srcset=\"https:\/\/www.thebikevillage.com\/blog\/wp-content\/uploads\/2019\/12\/IMG_8027-e1575548207812.jpg 480w, https:\/\/www.thebikevillage.com\/blog\/wp-content\/uploads\/2019\/12\/IMG_8027-e1575548207812-283x300.jpg 283w, https:\/\/www.thebikevillage.com\/blog\/wp-content\/uploads\/2019\/12\/IMG_8027-e1575548207812-450x476.jpg 450w\" sizes=\"(max-width: 480px) 100vw, 480px\" width=\"480\" height=\"508\"><\/p>\n<p>Un gran final de d\u00eda para una <strong>ruta genial. 100% recomendable<\/strong> para todos los niveles.<\/p>\n<p>Esperamos que os haya gustado el v\u00eddeo, os animamos a disfrutar de la experiencia. Si quer\u00e9is ver m\u00e1s informaci\u00f3n sobre las rutas de enduro del Bergued\u00e1, podeis contactar directamente con los chicos de Berga Enduro.<\/p>\n<p><a href=\"https:\/\/bergaenduro.com\/\" target=\"_blank\" rel=\"noopener\"> www.bergaenduro.com<\/a><\/p>\n<p><strong>Instagram<\/strong>: <strong><em>@BERGAENDURO<\/em><\/strong><\/p>\n<\/div><\/section>\n<\/div>\n","protected":false},"excerpt":{"rendered":"<p>Endureando por el Bergued\u00e1 Un para\u00edso del enduro A mediados de Noviembre el equipo The Bike Village nos juntamos para ir a descubrir la comarca del Bergued\u00e1 (Barcelona) con nuestras bicicletas de enduro. Una de las zonas ciclistas m\u00e1s desconocidas de Catalu\u00f1a pero que m\u00e1s est\u00e1 sonando \u00faltimamente en los sectores del Enduro-Aventura. Para ello&hellip; <a class=\"more-link\" href=\"https:\/\/www.thebikevillage.com\/blog\/berga-enduro\/\">Seguir leyendo <span class=\"screen-reader-text\">Descubriendo el Bergued\u00e1 con Berga Enduro<\/span><\/a><\/p>\n","protected":false},"author":3,"featured_media":1797,"comment_status":"open","ping_status":"open","sticky":false,"template":"","format":"standard","meta":{"footnotes":""},"categories":[10],"tags":[45,47,53,54,128,129,131,134,139,266,331],"class_list":["post-1796","post","type-post","status-publish","format-standard","has-post-thumbnail","hentry","category-eventos-thebikevillage","tag-aventura","tag-barcelona","tag-berga","tag-berga-enduro","tag-endureando","tag-enduro","tag-enduro-mtb","tag-enduro-racing","tag-equipo","tag-quedada","tag-viajes","entry"],"_links":{"self":[{"href":"https:\/\/www.thebikevillage.com\/blog\/wp-json\/wp\/v2\/posts\/1796","targetHints":{"allow":["GET"]}}],"collection":[{"href":"https:\/\/www.thebikevillage.com\/blog\/wp-json\/wp\/v2\/posts"}],"about":[{"href":"https:\/\/www.thebikevillage.com\/blog\/wp-json\/wp\/v2\/types\/post"}],"author":[{"embeddable":true,"href":"https:\/\/www.thebikevillage.com\/blog\/wp-json\/wp\/v2\/users\/3"}],"replies":[{"embeddable":true,"href":"https:\/\/www.thebikevillage.com\/blog\/wp-json\/wp\/v2\/comments?post=1796"}],"version-history":[{"count":2,"href":"https:\/\/www.thebikevillage.com\/blog\/wp-json\/wp\/v2\/posts\/1796\/revisions"}],"predecessor-version":[{"id":4225,"href":"https:\/\/www.thebikevillage.com\/blog\/wp-json\/wp\/v2\/posts\/1796\/revisions\/4225"}],"wp:featuredmedia":[{"embeddable":true,"href":"https:\/\/www.thebikevillage.com\/blog\/wp-json\/wp\/v2\/media\/1797"}],"wp:attachment":[{"href":"https:\/\/www.thebikevillage.com\/blog\/wp-json\/wp\/v2\/media?parent=1796"}],"wp:term":[{"taxonomy":"category","embeddable":true,"href":"https:\/\/www.thebikevillage.com\/blog\/wp-json\/wp\/v2\/categories?post=1796"},{"taxonomy":"post_tag","embeddable":true,"href":"https:\/\/www.thebikevillage.com\/blog\/wp-json\/wp\/v2\/tags?post=1796"}],"curies":[{"name":"wp","href":"https:\/\/api.w.org\/{rel}","templated":true}]}}